{"id":1826,"date":"2021-11-10T12:08:02","date_gmt":"2021-11-10T11:08:02","guid":{"rendered":"https:\/\/bspw.xyz\/?p=1826"},"modified":"2024-01-18T13:27:39","modified_gmt":"2024-01-18T12:27:39","slug":"erste-schritte-fuer-hierarchieaermeres-arbeiten-und-mehr-selbstorganisation","status":"publish","type":"post","link":"https:\/\/bspw.xyz\/en\/gedanken\/erste-schritte-fuer-hierarchieaermeres-arbeiten-und-mehr-selbstorganisation\/","title":{"rendered":"Erste Schritte f\u00fcr hierarchie\u00e4rmeres Arbeiten und mehr Selbstorganisation"},"content":{"rendered":"<p>Hierarchien: In manchen Organisationen sind sie wie einzementiert, in anderen fluide oder nicht existent. In manchen offen sichtbar, in anderen im Verborgenen als Schattenstrukturen. In unserem Praxismodul <a href=\"https:\/\/bspw.xyz\/begegnungen\/praxismodul-selbstorganisation-2022\/\">Erste Interventionen f\u00fcr hierarchie\u00e4rmeres Arbeiten<\/a> erforschten wir, welche Schritte besonders wertvoll sind, um Menschen und Organisationen zu mehr Selbstorganisation zu verhelfen. Hier teilen wir unsere Gedanken:<\/p>\n<p>&nbsp;<\/p>\n<h4>Was meinen wir eigentlich mit hierarchie\u00e4rmeren Arbeiten und Selbstorganisation?<\/h4>\n<p>Rund um das Wort Selbstorganisation gibt es oft Missverst\u00e4ndnisse. Viele Menschen verkn\u00fcpfen es mit der individuellen Ebene: Wie organisiere ich mich gut selbst? Wir meinen jedoch, wenn wir von Selbstorganisation sprechen, die Team- oder Organisationsebene: Wie organisieren wir uns als Team oder als Organisation selbst, ohne feste Hierarchien? Selbstorganisation kann\u00a0 definiert werden als eine Organisationsform, in der\u00a0Menschen sinnorientiert und zielgerichtet die eigene Zusammenarbeit gestalten und dabei Selbstwirksamkeit und Potentialentfaltung erleben. Bei selbstorganisierten Systemen sind Hierarchien nicht an Personen gebunden, sondern fluide.<\/p>\n<p>Klassische Hierarchien hingegen sind Macht- und Entscheidungsstrukturen, die an feste Personen gekn\u00fcpft sind.<\/p>\n<p>&nbsp;<\/p>\n<h4>Welche ersten Schritte braucht es f\u00fcr (mehr) Selbstorganisation?<\/h4>\n<p>Bis zu einer vollst\u00e4ndig selbstorganisierten Organisation kann es ein langer Weg sein. Was es unserer Meinung nach aber als erste Interventionen braucht: Die Schaffung von sicheren R\u00e4umen und Selbstverantwortung.<\/p>\n<p>&nbsp;<\/p>\n<h5>Sichere, angstfreie R\u00e4ume: An die Stelle von Angst tritt Vertrauen<\/h5>\n<p>Grundvoraussetzung f\u00fcr Selbstorganisation ist in unseren Augen die Schaffung von sicheren R\u00e4umen, in denen sich alle Mitarbeitenden \u00e4u\u00dfern und einbringen k\u00f6nnen, ohne bef\u00fcrchten zu m\u00fcssen, dass dies negative Auswirkungen auf sie haben k\u00f6nnte. Um dies zu erreichen, gibt es verschiedene Ans\u00e4tze. Oft ist die Schaffung von neuen Strukturen eine M\u00f6glichkeit, mehr Freiheit und Selbstorganisation zu erm\u00f6glichen. Wir sehen uns hier vor allem Meetings an, da in diesen oft Machtstrukturen festzementiert sind. Um herauszufinden, welche Machtstrukturen in euren Meetings herrschen, kannst du dich zum Beispiel fragen:\u00a0 Kommen alle zu Wort, oder sprechen immer nur dieselben zwei Menschen? Wird die Agenda von allen gestaltet, oder hat nur eine Person die Macht dar\u00fcber? Welche Strukturen k\u00f6nnen Vertrauen f\u00f6rdern?<\/p>\n<p>Erste Interventionen in diesem Bereich sind zum Beispiel:<\/p>\n<ul>\n<li aria-level=\"1\"><b>Check In &#038; Check Out: <\/b>Mittlerweile sehr bekannt, aber nicht oft genug erw\u00e4hnbar. Wir beginnen jedes Meeting beginnt mit einem Check In und enden mit einem Check Out. M\u00f6gliche Fragen sind: Am Anfang: Wie geht es dir heute? Wie pr\u00e4sent bist du? Am Ende: Wie effektiv fandest du das Meeting? Was k\u00f6nnten wir beim n\u00e4chsten Mal besser machen? Check In und Check Out erf\u00fcllen dabei mehrere Funktionen: Sie rahmen Meetings ein, erm\u00f6glichen ein Ankommen und ein Abschlie\u00dfen. Jede Person kommt einmal zu Wort, das erh\u00f6ht die Wahrscheinlichkeit, dass Menschen im Meeting das Vertrauen haben, sich auch im weiteren Verlauf zu \u00e4u\u00dfern. Au\u00dferdem kann jede*r transparent machen, wie pr\u00e4sent sie oder er in dem Treffen ist, und hat kurz Raum, um Probleme oder Herausforderungen zu \u00e4u\u00dfern. Dies hilft oft, um sich dann auf das Treffen konzentrieren zu k\u00f6nnen, anstatt zu versuchen, die pers\u00f6nlichen Themen zu verdr\u00e4ngen. Check Ins k\u00f6nnen bei gr\u00f6\u00dferen Gruppen auch nur aus einem Wort oder einer Geste bestehen, oder Online als ein Wort oder Satz im Chat abgefragt werden.<\/li>\n<li aria-level=\"1\"><b>Sprechen in Runden: <\/b>Eine weitere sehr einfache, aber effektive Methode ist das Sprechen in Runden: Eine Person beginnt, und danach ist jede*r andere im Raum in einer Runde an der Reihe. So hat jede Person die M\u00f6glichkeit, sich zu \u00e4u\u00dfern, oder, wenn sie nichts beitragen m\u00f6chte, das Wort weiterzugeben. Auch online funktioniert das, indem jede*r im Team eine n\u00e4chste Person aufruft, bis alle dran waren. Dieses Vorgehen erm\u00f6glicht, dass eher zur\u00fcckhaltende Mensche auch zu Wort kommen k\u00f6nnen und sich nicht mit ihren Ansichten durchboxen m\u00fcssen. Um eher introvertierte Teammitglieder mitzunehmen, ist es sinnvoll, die M\u00f6glichkeit zu geben, erst kurz f\u00fcr sich selbst zu \u00fcberlegen, und dann erst im Team \u00fcber das Thema zu sprechen.\u00a0 Bei vielen Menschen funktioniert die Methode <a href=\"https:\/\/liberatingstructures.de\/liberating-structures-menue\/1-2-4-all\/\">1-2-4-All<\/a> gut.<\/li>\n<li aria-level=\"1\"><b>Meetings mit offener Agenda<\/b>: Wer \u00fcber die Themen eines Treffens bestimmt, hat sehr viel Macht. Wenn diese Macht im Team verteilt wird, ist dies eine wirkungsvolle Intervention f\u00fcr mehr Selbstorganisation. Eine offene Agenda kann so aussehen: Es gibt ein geteiltes Dokument \/ Trello Board \/ Padlet, in das jedes Teammitglied bis zu einer bestimmten Frist vor dem Meeting Agendapunkte eintragen kann. Wichtig dabei ist, dass diese Punkte alle, die beim Meeting teilnehmen, betrifft, und nicht nur Einzelpersonen. W\u00e4hrend des Meetings werden diese Punkte dann abgearbeitet, idealerweise mit Hilfe einer (wechselnden) Moderation.<\/li>\n<\/ul>\n<p>&nbsp;<\/p>\n<h5>Gesp\u00fcr f\u00fcr die eigene Handlungsf\u00e4higkeit und Verantwortung: Ist das, was ich empfinde, das, was ich sage?<\/h5>\n<p>In sicheren, vertrauensvollen R\u00e4umen k\u00f6nnen Menschen mehr wagen und ihre eigenen Ideen einbringen. Daf\u00fcr braucht es ein Gesp\u00fcr f\u00fcr die eigene Verantwortung und Handlungsf\u00e4higkeit. Diese Selbstverantwortung und Aufmerksamkeitsfokussierung kann jede*r bei sich selbst immer wieder ersp\u00fcren und trainieren.<\/p>\n<p>Eine erste Intervention in diesem Bereich ist zum Beispiel:<\/p>\n<ul>\n<li><b>Spannungen wahrnehmen<\/b>: Das Prinzip mit Spannungen zu arbeiten, bedeutet, dass Menschen ihre Ideen, W\u00fcnsche, Bed\u00fcrfnisse, Anregungen, Probleme, Konflikte oder Gef\u00fchle als Impulse f\u00fcr Ver\u00e4nderung ansehen, indem sie diese im ersten Schritt wahrnehmen und dann danach handeln. Eine Spannung ist dabei das Gef\u00fchl einer spezifischen L\u00fccke zwischen dem, was ist, und dem, was sein k\u00f6nnte. Wenn ich als Person Verantwortung f\u00fcr meine Spannungen \u00fcbernehme, k\u00f6nnen sie als Treibstoff von Ver\u00e4nderung genutzt werden. Doch das ist leichter gesagt als getan. Was es daf\u00fcr braucht: Teammitglieder k\u00f6nnen sich ihrer Spannungen bewusst werden und diese als wertvoll anerkennen, sie ernst nehmen und dazu stehen, sie als etwas Positives sch\u00e4tzen. Eine kleine Frage, die man sich dazu stellen kann: Ist das, was ich empfinde, das, was ich sage? Und wenn nicht, warum ist das so? Wenn Spannungen nicht eingebracht werden, tr\u00e4gt man sie mit sich herum, wird frustriert.<\/li>\n<li><strong>Spannungen l\u00f6sen<\/strong>: Im Mittelpunkt steht hier die Frage: Was brauchst du, um die Spannung zu l\u00f6sen? Ich kann zum Beispiel meinen Impuls ansprechen, Vorschl\u00e4ge dazu machen, mir Meinungen oder Fachwissen einholen oder mit Betroffenen sprechen. Hilfreich ist es, wenn in Organisationen R\u00e4ume geschaffen werden, in denen Spannungen angesprochen werden k\u00f6nnen (siehe erster Teil: Sichere R\u00e4ume schaffen).\u00a0 Spannungen k\u00f6nnen also durch proaktives Handeln in kleine Umgestaltungen \u00fcbersetzt werden. Werden diese Spannungen in sicheren R\u00e4umen aufgenommen, kann jedes Teammitglied die eigene Handlungsautonomie erfahren.<\/li>\n<\/ul>\n<p>Du willst noch mehr Interventionen kennen lernen? Am 14. April 2022 ist der n\u00e4chste Termin f\u00fcr unser <a href=\"https:\/\/bspw.xyz\/begegnungen\/praxismodul-selbstorganisation-2022\/\">Praxismodul Erste Interventionen f\u00fcr hierarchie\u00e4rmeres Arbeiten<\/a> wieder an. Mehr Infos und die Anmeldung findest du <a href=\"https:\/\/bspw.xyz\/begegnungen\/praxismodul-selbstorganisation-2022\/\">hier<\/a>.<\/p>\n<p>Deine Organisation will sich noch tiefer mit dem Thema besch\u00e4ftigen? Du hast Fragen zum Thema?\u00a0 Melde dich gerne bei uns unter <a href=\"mailto:team@bspw.xyz\">team@bspw.xyz.<\/a><\/p>\n","protected":false},"excerpt":{"rendered":"<p>Hierarchien: In manchen Organisationen sind sie wie einzementiert, in anderen fluide oder nicht existent. In manchen offen sichtbar, in anderen im Verborgenen als Schattenstrukturen. In unserem Praxismodul Erste Interventionen f\u00fcr hierarchie\u00e4rmeres Arbeiten erforschten wir, welche Schritte besonders wertvoll sind, um Menschen und Organisationen zu mehr Selbstorganisation zu verhelfen. Hier teilen wir unsere Gedanken: &nbsp; Was &#8230;<\/p>\n","protected":false},"author":5,"featured_media":1810,"comment_status":"open","ping_status":"open","sticky":false,"template":"","format":"standard","meta":{"_acf_changed":false,"footnotes":""},"categories":[32,30,1],"tags":[],"class_list":["post-1826","post","type-post","status-publish","format-standard","has-post-thumbnail","hentry","category-selbstorganisation","category-agilitaet","category-gedanken","selbstorganisation","agilitaet","gedanken","","en","wp-json","wp","v2","posts","1826"],"acf":[],"yoast_head":"<!-- This site is optimized with the Yoast SEO plugin v21.6 - https:\/\/yoast.com\/wordpress\/plugins\/seo\/ -->\n<title>Erste Schritte f\u00fcr hierarchie\u00e4rmeres Arbeiten und mehr Selbstorganisation &#8902; beispielsweise<\/title>\n<meta name=\"description\" content=\"In manchen Organisationen sind Hierarchien wie einzementiert. Welche ersten Schritte helfen, um mehr Selbstorganisation zu f\u00f6rdern?\" \/>\n<meta name=\"robots\" content=\"index, follow, max-snippet:-1, max-image-preview:large, max-video-preview:-1\" \/>\n<link rel=\"canonical\" href=\"https:\/\/bspw.xyz\/en\/gedanken\/erste-schritte-fuer-hierarchieaermeres-arbeiten-und-mehr-selbstorganisation\/\" \/>\n<meta property=\"og:locale\" content=\"en_US\" \/>\n<meta property=\"og:locale:alternate\" content=\"de_DE\" \/>\n<meta property=\"og:type\" content=\"article\" \/>\n<meta property=\"og:title\" content=\"Erste Schritte f\u00fcr hierarchie\u00e4rmeres Arbeiten und mehr Selbstorganisation\" \/>\n<meta property=\"og:description\" content=\"In manchen Organisationen sind Hierarchien wie einzementiert. Welche ersten Schritte helfen, um mehr Selbstorganisation zu f\u00f6rdern?\" \/>\n<meta property=\"og:url\" content=\"https:\/\/bspw.xyz\/en\/gedanken\/erste-schritte-fuer-hierarchieaermeres-arbeiten-und-mehr-selbstorganisation\/\" \/>\n<meta property=\"og:site_name\" content=\"beispielsweise\" \/>\n<meta property=\"article:published_time\" content=\"2021-11-10T11:08:02+00:00\" \/>\n<meta property=\"article:modified_time\" content=\"2024-01-18T12:27:39+00:00\" \/>\n<meta property=\"og:image\" content=\"https:\/\/bspw.xyz\/wp-content\/uploads\/Selbstorga.jpg\" \/>\n\t<meta property=\"og:image:width\" content=\"2958\" \/>\n\t<meta property=\"og:image:height\" content=\"1261\" \/>\n\t<meta property=\"og:image:type\" content=\"image\/jpeg\" \/>\n<meta name=\"author\" content=\"Roxana Baur\" \/>\n<meta name=\"twitter:card\" content=\"summary_large_image\" \/>\n<meta name=\"twitter:label1\" content=\"Written by\" \/>\n\t<meta name=\"twitter:data1\" content=\"Roxana Baur\" \/>\n\t<meta name=\"twitter:label2\" content=\"Est. reading time\" \/>\n\t<meta name=\"twitter:data2\" content=\"6 minutes\" \/>\n<script type=\"application\/ld+json\" class=\"yoast-schema-graph\">{\"@context\":\"https:\/\/schema.org\",\"@graph\":[{\"@type\":\"Article\",\"@id\":\"https:\/\/bspw.xyz\/gedanken\/erste-schritte-fuer-hierarchieaermeres-arbeiten-und-mehr-selbstorganisation\/#article\",\"isPartOf\":{\"@id\":\"https:\/\/bspw.xyz\/gedanken\/erste-schritte-fuer-hierarchieaermeres-arbeiten-und-mehr-selbstorganisation\/\"},\"author\":{\"name\":\"Roxana Baur\",\"@id\":\"https:\/\/bspw.xyz\/#\/schema\/person\/5982bf8881c0e69202fcfde476564c17\"},\"headline\":\"Erste Schritte f\u00fcr hierarchie\u00e4rmeres Arbeiten und mehr Selbstorganisation\",\"datePublished\":\"2021-11-10T11:08:02+00:00\",\"dateModified\":\"2024-01-18T12:27:39+00:00\",\"mainEntityOfPage\":{\"@id\":\"https:\/\/bspw.xyz\/gedanken\/erste-schritte-fuer-hierarchieaermeres-arbeiten-und-mehr-selbstorganisation\/\"},\"wordCount\":1164,\"commentCount\":0,\"publisher\":{\"@id\":\"https:\/\/bspw.xyz\/#organization\"},\"articleSection\":[\"Selbstorganisation\",\"Agilit\u00e4t\",\"Thoughts\"],\"inLanguage\":\"en-US\",\"potentialAction\":[{\"@type\":\"CommentAction\",\"name\":\"Comment\",\"target\":[\"https:\/\/bspw.xyz\/gedanken\/erste-schritte-fuer-hierarchieaermeres-arbeiten-und-mehr-selbstorganisation\/#respond\"]}]},{\"@type\":\"WebPage\",\"@id\":\"https:\/\/bspw.xyz\/gedanken\/erste-schritte-fuer-hierarchieaermeres-arbeiten-und-mehr-selbstorganisation\/\",\"url\":\"https:\/\/bspw.xyz\/gedanken\/erste-schritte-fuer-hierarchieaermeres-arbeiten-und-mehr-selbstorganisation\/\",\"name\":\"Erste Schritte f\u00fcr hierarchie\u00e4rmeres Arbeiten und mehr Selbstorganisation\",\"isPartOf\":{\"@id\":\"https:\/\/bspw.xyz\/#website\"},\"datePublished\":\"2021-11-10T11:08:02+00:00\",\"dateModified\":\"2024-01-18T12:27:39+00:00\",\"description\":\"In manchen Organisationen sind Hierarchien wie einzementiert. Welche ersten Schritte helfen, um mehr Selbstorganisation zu f\u00f6rdern?\",\"breadcrumb\":{\"@id\":\"https:\/\/bspw.xyz\/gedanken\/erste-schritte-fuer-hierarchieaermeres-arbeiten-und-mehr-selbstorganisation\/#breadcrumb\"},\"inLanguage\":\"en-US\",\"potentialAction\":[{\"@type\":\"ReadAction\",\"target\":[\"https:\/\/bspw.xyz\/gedanken\/erste-schritte-fuer-hierarchieaermeres-arbeiten-und-mehr-selbstorganisation\/\"]}]},{\"@type\":\"BreadcrumbList\",\"@id\":\"https:\/\/bspw.xyz\/gedanken\/erste-schritte-fuer-hierarchieaermeres-arbeiten-und-mehr-selbstorganisation\/#breadcrumb\",\"itemListElement\":[{\"@type\":\"ListItem\",\"position\":1,\"name\":\"Startseite\",\"item\":\"https:\/\/bspw.xyz\/en\/\"},{\"@type\":\"ListItem\",\"position\":2,\"name\":\"Erste Schritte f\u00fcr hierarchie\u00e4rmeres Arbeiten und mehr Selbstorganisation\"}]},{\"@type\":\"WebSite\",\"@id\":\"https:\/\/bspw.xyz\/#website\",\"url\":\"https:\/\/bspw.xyz\/\",\"name\":\"beispielsweise\",\"description\":\"Think Changing Thinking Change\",\"publisher\":{\"@id\":\"https:\/\/bspw.xyz\/#organization\"},\"potentialAction\":[{\"@type\":\"SearchAction\",\"target\":{\"@type\":\"EntryPoint\",\"urlTemplate\":\"https:\/\/bspw.xyz\/?s={search_term_string}\"},\"query-input\":\"required name=search_term_string\"}],\"inLanguage\":\"en-US\"},{\"@type\":\"Organization\",\"@id\":\"https:\/\/bspw.xyz\/#organization\",\"name\":\"beispielsweise\",\"url\":\"https:\/\/bspw.xyz\/\",\"logo\":{\"@type\":\"ImageObject\",\"inLanguage\":\"en-US\",\"@id\":\"https:\/\/bspw.xyz\/#\/schema\/logo\/image\/\",\"url\":\"https:\/\/bspw.xyz\/wp-content\/uploads\/BSPW_2018-03-27__Logo_ohne_Slogan_SMALL.jpg\",\"contentUrl\":\"https:\/\/bspw.xyz\/wp-content\/uploads\/BSPW_2018-03-27__Logo_ohne_Slogan_SMALL.jpg\",\"width\":149,\"height\":47,\"caption\":\"beispielsweise\"},\"image\":{\"@id\":\"https:\/\/bspw.xyz\/#\/schema\/logo\/image\/\"}},{\"@type\":\"Person\",\"@id\":\"https:\/\/bspw.xyz\/#\/schema\/person\/5982bf8881c0e69202fcfde476564c17\",\"name\":\"Roxana Baur\",\"image\":{\"@type\":\"ImageObject\",\"inLanguage\":\"en-US\",\"@id\":\"https:\/\/bspw.xyz\/#\/schema\/person\/image\/\",\"url\":\"https:\/\/secure.gravatar.com\/avatar\/82052966270c8372adac4ab979f27f62?s=96&d=mm&r=g\",\"contentUrl\":\"https:\/\/secure.gravatar.com\/avatar\/82052966270c8372adac4ab979f27f62?s=96&d=mm&r=g\",\"caption\":\"Roxana Baur\"}}]}<\/script>\n<!-- \/ Yoast SEO plugin. -->","yoast_head_json":{"title":"Erste Schritte f\u00fcr hierarchie\u00e4rmeres Arbeiten und mehr Selbstorganisation &#8902; beispielsweise","description":"In manchen Organisationen sind Hierarchien wie einzementiert. Welche ersten Schritte helfen, um mehr Selbstorganisation zu f\u00f6rdern?","robots":{"index":"index","follow":"follow","max-snippet":"max-snippet:-1","max-image-preview":"max-image-preview:large","max-video-preview":"max-video-preview:-1"},"canonical":"https:\/\/bspw.xyz\/en\/gedanken\/erste-schritte-fuer-hierarchieaermeres-arbeiten-und-mehr-selbstorganisation\/","og_locale":"en_US","og_type":"article","og_title":"[:de]Erste Schritte f\u00fcr hierarchie\u00e4rmeres Arbeiten und mehr Selbstorganisation[:] &#8902; beispielsweise","og_description":"In manchen Organisationen sind Hierarchien wie einzementiert. Welche ersten Schritte helfen, um mehr Selbstorganisation zu f\u00f6rdern?","og_url":"https:\/\/bspw.xyz\/en\/gedanken\/erste-schritte-fuer-hierarchieaermeres-arbeiten-und-mehr-selbstorganisation\/","og_site_name":"beispielsweise","article_published_time":"2021-11-10T11:08:02+00:00","article_modified_time":"2024-01-18T12:27:39+00:00","og_image":[{"width":2958,"height":1261,"url":"https:\/\/bspw.xyz\/wp-content\/uploads\/Selbstorga.jpg","type":"image\/jpeg"}],"author":"Roxana Baur","twitter_card":"summary_large_image","twitter_misc":{"Written by":"Roxana Baur","Est. reading time":"6 minutes"},"schema":{"@context":"https:\/\/schema.org","@graph":[{"@type":"Article","@id":"https:\/\/bspw.xyz\/gedanken\/erste-schritte-fuer-hierarchieaermeres-arbeiten-und-mehr-selbstorganisation\/#article","isPartOf":{"@id":"https:\/\/bspw.xyz\/gedanken\/erste-schritte-fuer-hierarchieaermeres-arbeiten-und-mehr-selbstorganisation\/"},"author":{"name":"Roxana Baur","@id":"https:\/\/bspw.xyz\/#\/schema\/person\/5982bf8881c0e69202fcfde476564c17"},"headline":"Erste Schritte f\u00fcr hierarchie\u00e4rmeres Arbeiten und mehr Selbstorganisation","datePublished":"2021-11-10T11:08:02+00:00","dateModified":"2024-01-18T12:27:39+00:00","mainEntityOfPage":{"@id":"https:\/\/bspw.xyz\/gedanken\/erste-schritte-fuer-hierarchieaermeres-arbeiten-und-mehr-selbstorganisation\/"},"wordCount":1164,"commentCount":0,"publisher":{"@id":"https:\/\/bspw.xyz\/#organization"},"articleSection":["Selbstorganisation","Agilit\u00e4t","Thoughts"],"inLanguage":"en-US","potentialAction":[{"@type":"CommentAction","name":"Comment","target":["https:\/\/bspw.xyz\/gedanken\/erste-schritte-fuer-hierarchieaermeres-arbeiten-und-mehr-selbstorganisation\/#respond"]}]},{"@type":"WebPage","@id":"https:\/\/bspw.xyz\/gedanken\/erste-schritte-fuer-hierarchieaermeres-arbeiten-und-mehr-selbstorganisation\/","url":"https:\/\/bspw.xyz\/gedanken\/erste-schritte-fuer-hierarchieaermeres-arbeiten-und-mehr-selbstorganisation\/","name":"Erste Schritte f\u00fcr hierarchie\u00e4rmeres Arbeiten und mehr Selbstorganisation","isPartOf":{"@id":"https:\/\/bspw.xyz\/#website"},"datePublished":"2021-11-10T11:08:02+00:00","dateModified":"2024-01-18T12:27:39+00:00","description":"In manchen Organisationen sind Hierarchien wie einzementiert. Welche ersten Schritte helfen, um mehr Selbstorganisation zu f\u00f6rdern?","breadcrumb":{"@id":"https:\/\/bspw.xyz\/gedanken\/erste-schritte-fuer-hierarchieaermeres-arbeiten-und-mehr-selbstorganisation\/#breadcrumb"},"inLanguage":"en-US","potentialAction":[{"@type":"ReadAction","target":["https:\/\/bspw.xyz\/gedanken\/erste-schritte-fuer-hierarchieaermeres-arbeiten-und-mehr-selbstorganisation\/"]}]},{"@type":"BreadcrumbList","@id":"https:\/\/bspw.xyz\/gedanken\/erste-schritte-fuer-hierarchieaermeres-arbeiten-und-mehr-selbstorganisation\/#breadcrumb","itemListElement":[{"@type":"ListItem","position":1,"name":"Startseite","item":"https:\/\/bspw.xyz\/en\/"},{"@type":"ListItem","position":2,"name":"Erste Schritte f\u00fcr hierarchie\u00e4rmeres Arbeiten und mehr Selbstorganisation"}]},{"@type":"WebSite","@id":"https:\/\/bspw.xyz\/#website","url":"https:\/\/bspw.xyz\/","name":"beispielsweise","description":"Think Changing Thinking Change","publisher":{"@id":"https:\/\/bspw.xyz\/#organization"},"potentialAction":[{"@type":"SearchAction","target":{"@type":"EntryPoint","urlTemplate":"https:\/\/bspw.xyz\/?s={search_term_string}"},"query-input":"required name=search_term_string"}],"inLanguage":"en-US"},{"@type":"Organization","@id":"https:\/\/bspw.xyz\/#organization","name":"beispielsweise","url":"https:\/\/bspw.xyz\/","logo":{"@type":"ImageObject","inLanguage":"en-US","@id":"https:\/\/bspw.xyz\/#\/schema\/logo\/image\/","url":"https:\/\/bspw.xyz\/wp-content\/uploads\/BSPW_2018-03-27__Logo_ohne_Slogan_SMALL.jpg","contentUrl":"https:\/\/bspw.xyz\/wp-content\/uploads\/BSPW_2018-03-27__Logo_ohne_Slogan_SMALL.jpg","width":149,"height":47,"caption":"beispielsweise"},"image":{"@id":"https:\/\/bspw.xyz\/#\/schema\/logo\/image\/"}},{"@type":"Person","@id":"https:\/\/bspw.xyz\/#\/schema\/person\/5982bf8881c0e69202fcfde476564c17","name":"Roxana Baur","image":{"@type":"ImageObject","inLanguage":"en-US","@id":"https:\/\/bspw.xyz\/#\/schema\/person\/image\/","url":"https:\/\/secure.gravatar.com\/avatar\/82052966270c8372adac4ab979f27f62?s=96&d=mm&r=g","contentUrl":"https:\/\/secure.gravatar.com\/avatar\/82052966270c8372adac4ab979f27f62?s=96&d=mm&r=g","caption":"Roxana Baur"}}]}},"_links":{"self":[{"href":"https:\/\/bspw.xyz\/en\/wp-json\/wp\/v2\/posts\/1826","targetHints":{"allow":["GET"]}}],"collection":[{"href":"https:\/\/bspw.xyz\/en\/wp-json\/wp\/v2\/posts"}],"about":[{"href":"https:\/\/bspw.xyz\/en\/wp-json\/wp\/v2\/types\/post"}],"author":[{"embeddable":true,"href":"https:\/\/bspw.xyz\/en\/wp-json\/wp\/v2\/users\/5"}],"replies":[{"embeddable":true,"href":"https:\/\/bspw.xyz\/en\/wp-json\/wp\/v2\/comments?post=1826"}],"version-history":[{"count":9,"href":"https:\/\/bspw.xyz\/en\/wp-json\/wp\/v2\/posts\/1826\/revisions"}],"predecessor-version":[{"id":1835,"href":"https:\/\/bspw.xyz\/en\/wp-json\/wp\/v2\/posts\/1826\/revisions\/1835"}],"wp:featuredmedia":[{"embeddable":true,"href":"https:\/\/bspw.xyz\/en\/wp-json\/wp\/v2\/media\/1810"}],"wp:attachment":[{"href":"https:\/\/bspw.xyz\/en\/wp-json\/wp\/v2\/media?parent=1826"}],"wp:term":[{"taxonomy":"category","embeddable":true,"href":"https:\/\/bspw.xyz\/en\/wp-json\/wp\/v2\/categories?post=1826"},{"taxonomy":"post_tag","embeddable":true,"href":"https:\/\/bspw.xyz\/en\/wp-json\/wp\/v2\/tags?post=1826"}],"curies":[{"name":"wp","href":"https:\/\/api.w.org\/{rel}","templated":true}]}}